{"id":904,"date":"2015-10-14T19:49:47","date_gmt":"2015-10-14T17:49:47","guid":{"rendered":"http:\/\/nmsernstbrunn.ac.at\/?p=904"},"modified":"2016-09-21T09:00:58","modified_gmt":"2016-09-21T07:00:58","slug":"gruesse-von-der-schwimmwoche","status":"publish","type":"post","link":"https:\/\/www.nmsernstbrunn.ac.at\/wordpress\/2015\/10\/gruesse-von-der-schwimmwoche\/","title":{"rendered":"Gr\u00fc\u00dfe von der Schwimmwoche"},"content":{"rendered":"<h3>Schwimmwoche der ersten Klassen<\/h3>\n<p>Die Teilnehmer der Schwimmwoche \u00fcbermitteln die besten Gr\u00fc\u00dfe aus Raabs\/Thaya und schicken die ersten beiden Bilder von einer sonnigen Wanderung im Waldviertel &#8230;<\/p>\n<p><a  href=\"http:\/\/nmsernstbrunn.ac.at\/wordpress\/wp-content\/uploads\/2015\/10\/swim1.jpg\" data-rel=\"lightbox-gallery-0\" data-rl_title=\"\" data-rl_caption=\"\" title=\"\"><img loading=\"lazy\" decoding=\"async\" class=\"alignnone wp-image-902\" src=\"http:\/\/nmsernstbrunn.ac.at\/wordpress\/wp-content\/uploads\/2015\/10\/swim1-600x1001.jpg\" alt=\"swim1\" width=\"363\" height=\"606\" srcset=\"https:\/\/www.nmsernstbrunn.ac.at\/wordpress\/wp-content\/uploads\/2015\/10\/swim1-600x1001.jpg 600w, https:\/\/www.nmsernstbrunn.ac.at\/wordpress\/wp-content\/uploads\/2015\/10\/swim1.jpg 614w\" sizes=\"auto, (max-width: 363px) 100vw, 363px\" \/><\/a>\u00a0<a  href=\"http:\/\/nmsernstbrunn.ac.at\/wordpress\/wp-content\/uploads\/2015\/10\/swim2.jpg\" data-rel=\"lightbox-gallery-0\" data-rl_title=\"\" data-rl_caption=\"\" title=\"\"><img loading=\"lazy\" decoding=\"async\" class=\"alignnone wp-image-903\" src=\"http:\/\/nmsernstbrunn.ac.at\/wordpress\/wp-content\/uploads\/2015\/10\/swim2-600x1001.jpg\" alt=\"swim2\" width=\"362\" height=\"604\" srcset=\"https:\/\/www.nmsernstbrunn.ac.at\/wordpress\/wp-content\/uploads\/2015\/10\/swim2-600x1001.jpg 600w, https:\/\/www.nmsernstbrunn.ac.at\/wordpress\/wp-content\/uploads\/2015\/10\/swim2.jpg 614w\" sizes=\"auto, (max-width: 362px) 100vw, 362px\" \/><\/a><\/p>\n<p>&nbsp;<\/p>\n<p>&nbsp;<\/p>\n","protected":false},"excerpt":{"rendered":"<p>Schwimmwoche der ersten Klassen Die Teilnehmer der Schwimmwoche \u00fcbermitteln die besten Gr\u00fc\u00dfe aus Raabs\/Thaya und schicken die ersten beiden Bilder von einer sonnigen Wanderung im Waldviertel &#8230; \u00a0 &nbsp; &nbsp;<\/p>\n","protected":false},"author":1,"featured_media":917,"comment_status":"closed","ping_status":"closed","sticky":false,"template":"","format":"standard","meta":{"footnotes":""},"categories":[36],"tags":[14,20],"class_list":["post-904","post","type-post","status-publish","format-standard","has-post-thumbnail","hentry","category-archiv-2015-16","tag-1-klasse","tag-sport"],"_links":{"self":[{"href":"https:\/\/www.nmsernstbrunn.ac.at\/wordpress\/wp-json\/wp\/v2\/posts\/904","targetHints":{"allow":["GET"]}}],"collection":[{"href":"https:\/\/www.nmsernstbrunn.ac.at\/wordpress\/wp-json\/wp\/v2\/posts"}],"about":[{"href":"https:\/\/www.nmsernstbrunn.ac.at\/wordpress\/wp-json\/wp\/v2\/types\/post"}],"author":[{"embeddable":true,"href":"https:\/\/www.nmsernstbrunn.ac.at\/wordpress\/wp-json\/wp\/v2\/users\/1"}],"replies":[{"embeddable":true,"href":"https:\/\/www.nmsernstbrunn.ac.at\/wordpress\/wp-json\/wp\/v2\/comments?post=904"}],"version-history":[{"count":7,"href":"https:\/\/www.nmsernstbrunn.ac.at\/wordpress\/wp-json\/wp\/v2\/posts\/904\/revisions"}],"predecessor-version":[{"id":911,"href":"https:\/\/www.nmsernstbrunn.ac.at\/wordpress\/wp-json\/wp\/v2\/posts\/904\/revisions\/911"}],"wp:featuredmedia":[{"embeddable":true,"href":"https:\/\/www.nmsernstbrunn.ac.at\/wordpress\/wp-json\/wp\/v2\/media\/917"}],"wp:attachment":[{"href":"https:\/\/www.nmsernstbrunn.ac.at\/wordpress\/wp-json\/wp\/v2\/media?parent=904"}],"wp:term":[{"taxonomy":"category","embeddable":true,"href":"https:\/\/www.nmsernstbrunn.ac.at\/wordpress\/wp-json\/wp\/v2\/categories?post=904"},{"taxonomy":"post_tag","embeddable":true,"href":"https:\/\/www.nmsernstbrunn.ac.at\/wordpress\/wp-json\/wp\/v2\/tags?post=904"}],"curies":[{"name":"wp","href":"https:\/\/api.w.org\/{rel}","templated":true}]}}